{"id":1389,"date":"2018-11-09T12:15:53","date_gmt":"2018-11-09T14:15:53","guid":{"rendered":"http:\/\/www.odemocrata.com.br\/guia\/?p=1389"},"modified":"2019-05-28T10:06:48","modified_gmt":"2019-05-28T13:06:48","slug":"fazendinha-santa-adelia","status":"publish","type":"post","link":"https:\/\/www.odemocrata.com.br\/guia-comercial\/fazendinha-santa-adelia\/","title":{"rendered":"Fazendinha Santa Ad\u00e9lia"},"content":{"rendered":"<p><img loading=\"lazy\" decoding=\"async\" data-attachment-id=\"1392\" data-permalink=\"https:\/\/www.odemocrata.com.br\/guia-comercial\/fazendinha-santa-adelia\/fazendinha-santa-adelia-guia-comercial-o-democrata-a\/\" data-orig-file=\"https:\/\/www.odemocrata.com.br\/guia-comercial\/wp-content\/uploads\/sites\/11\/2018\/11\/Fazendinha-Santa-Adelia-Guia-Comercial-O-Democrata-a.jpg\" data-orig-size=\"790,228\" data-comments-opened=\"0\" data-image-meta=\"{&quot;aperture&quot;:&quot;0&quot;,&quot;credit&quot;:&quot;&quot;,&quot;camera&quot;:&quot;&quot;,&quot;caption&quot;:&quot;&quot;,&quot;created_timestamp&quot;:&quot;0&quot;,&quot;copyright&quot;:&quot;&quot;,&quot;focal_length&quot;:&quot;0&quot;,&quot;iso&quot;:&quot;0&quot;,&quot;shutter_speed&quot;:&quot;0&quot;,&quot;title&quot;:&quot;&quot;,&quot;orientation&quot;:&quot;0&quot;}\" data-image-title=\"Fazendinha Santa Adelia &amp;#8211; Guia Comercial O Democrata\" data-image-description=\"\" data-image-caption=\"\" data-medium-file=\"https:\/\/www.odemocrata.com.br\/guia-comercial\/wp-content\/uploads\/sites\/11\/2018\/11\/Fazendinha-Santa-Adelia-Guia-Comercial-O-Democrata-a-300x87.jpg\" data-large-file=\"https:\/\/www.odemocrata.com.br\/guia-comercial\/wp-content\/uploads\/sites\/11\/2018\/11\/Fazendinha-Santa-Adelia-Guia-Comercial-O-Democrata-a.jpg\" src=\"http:\/\/www.odemocrata.com.br\/guia\/wp-content\/uploads\/sites\/11\/2018\/11\/Fazendinha-Santa-Adelia-Guia-Comercial-O-Democrata-a.jpg\" alt=\"\" width=\"790\" height=\"228\" class=\"aligncenter size-full wp-image-1392\" srcset=\"https:\/\/www.odemocrata.com.br\/guia-comercial\/wp-content\/uploads\/sites\/11\/2018\/11\/Fazendinha-Santa-Adelia-Guia-Comercial-O-Democrata-a.jpg 790w, https:\/\/www.odemocrata.com.br\/guia-comercial\/wp-content\/uploads\/sites\/11\/2018\/11\/Fazendinha-Santa-Adelia-Guia-Comercial-O-Democrata-a-300x87.jpg 300w, https:\/\/www.odemocrata.com.br\/guia-comercial\/wp-content\/uploads\/sites\/11\/2018\/11\/Fazendinha-Santa-Adelia-Guia-Comercial-O-Democrata-a-768x222.jpg 768w\" sizes=\"auto, (max-width: 790px) 100vw, 790px\" \/><br \/>\n<strong>Um lugar gostoso para passar o dia<\/strong><br \/>\nRestaurante, Pizzaria, Lanchonete, Doceria e Sorveteria, Loja com produtos de fabrica\u00e7\u00e3o pr\u00f3pria. Fazendinha com playground, animais de estima\u00e7\u00e3o, passeio de p\u00f4nei, pula-pula, piscina de bolinhas e muito mais! Entrada e estacionamento gratuitos.<\/p>\n<p>[chat num=&#8221;5511999965011&#8243;] <em>Clique para conversar!<\/em><\/p>\n","protected":false},"excerpt":{"rendered":"<p>Um lugar gostoso para passar o dia Restaurante, Pizzaria, Lanchonete, Doceria e Sorveteria, Loja com produtos de fabrica\u00e7\u00e3o pr\u00f3pria. Fazendinha com playground, animais de estima\u00e7\u00e3o, passeio de p\u00f4nei, pula-pula, piscina de bolinhas e muito mais! Entrada e estacionamento gratuitos. [chat num=&#8221;5511999965011&#8243;] Clique para conversar!<\/p>\n","protected":false},"author":10,"featured_media":1391,"comment_status":"closed","ping_status":"closed","sticky":false,"template":"","format":"standard","meta":{"_acf_changed":false,"footnotes":""},"categories":[80],"tags":[],"class_list":["post-1389","post","type-post","status-publish","format-standard","has-post-thumbnail","hentry","category-fazenda"],"acf":[],"jetpack_featured_media_url":"https:\/\/www.odemocrata.com.br\/guia-comercial\/wp-content\/uploads\/sites\/11\/2018\/11\/Fazendinha-Santa-Adelia-Guia-Comercial-O-Democrata.jpg","jetpack_sharing_enabled":true,"jetpack_likes_enabled":true,"_links":{"self":[{"href":"https:\/\/www.odemocrata.com.br\/guia-comercial\/wp-json\/wp\/v2\/posts\/1389","targetHints":{"allow":["GET"]}}],"collection":[{"href":"https:\/\/www.odemocrata.com.br\/guia-comercial\/wp-json\/wp\/v2\/posts"}],"about":[{"href":"https:\/\/www.odemocrata.com.br\/guia-comercial\/wp-json\/wp\/v2\/types\/post"}],"author":[{"embeddable":true,"href":"https:\/\/www.odemocrata.com.br\/guia-comercial\/wp-json\/wp\/v2\/users\/10"}],"replies":[{"embeddable":true,"href":"https:\/\/www.odemocrata.com.br\/guia-comercial\/wp-json\/wp\/v2\/comments?post=1389"}],"version-history":[{"count":12,"href":"https:\/\/www.odemocrata.com.br\/guia-comercial\/wp-json\/wp\/v2\/posts\/1389\/revisions"}],"predecessor-version":[{"id":1679,"href":"https:\/\/www.odemocrata.com.br\/guia-comercial\/wp-json\/wp\/v2\/posts\/1389\/revisions\/1679"}],"wp:featuredmedia":[{"embeddable":true,"href":"https:\/\/www.odemocrata.com.br\/guia-comercial\/wp-json\/wp\/v2\/media\/1391"}],"wp:attachment":[{"href":"https:\/\/www.odemocrata.com.br\/guia-comercial\/wp-json\/wp\/v2\/media?parent=1389"}],"wp:term":[{"taxonomy":"category","embeddable":true,"href":"https:\/\/www.odemocrata.com.br\/guia-comercial\/wp-json\/wp\/v2\/categories?post=1389"},{"taxonomy":"post_tag","embeddable":true,"href":"https:\/\/www.odemocrata.com.br\/guia-comercial\/wp-json\/wp\/v2\/tags?post=1389"}],"curies":[{"name":"wp","href":"https:\/\/api.w.org\/{rel}","templated":true}]}}