{"id":1539,"date":"2019-04-16T13:38:28","date_gmt":"2019-04-16T16:38:28","guid":{"rendered":"http:\/\/www.odemocrata.com.br\/guia\/?p=1539"},"modified":"2019-05-24T09:07:14","modified_gmt":"2019-05-24T12:07:14","slug":"perca-o-medo-de-dirigir","status":"publish","type":"post","link":"https:\/\/www.odemocrata.com.br\/guia-comercial\/perca-o-medo-de-dirigir\/","title":{"rendered":"Perca o medo de dirigir!"},"content":{"rendered":"<p><strong>1\u00ba Centro de Treinamento Para Habilitados de S\u00e3o Roque<\/strong><br \/>\nAULAS 100% PR\u00c1TICAS PARA S\u00c3O ROQUE E REGI\u00c3O<br \/>\nA primeira aula \u00e9 gr\u00e1tis!<\/p>\n<p>[chat num=&#8221;5511950645086&#8243;] <em>Clique para conversar!<\/em><\/p>\n","protected":false},"excerpt":{"rendered":"<p>1\u00ba Centro de Treinamento Para Habilitados de S\u00e3o Roque AULAS 100% PR\u00c1TICAS PARA S\u00c3O ROQUE E REGI\u00c3O A primeira aula \u00e9 gr\u00e1tis! [chat num=&#8221;5511950645086&#8243;] Clique para conversar!<\/p>\n","protected":false},"author":10,"featured_media":0,"comment_status":"closed","ping_status":"closed","sticky":false,"template":"","format":"standard","meta":{"_acf_changed":false,"footnotes":""},"categories":[33],"tags":[],"class_list":["post-1539","post","type-post","status-publish","format-standard","hentry","category-auto-escolas"],"acf":[],"jetpack_featured_media_url":"","jetpack_sharing_enabled":true,"jetpack_likes_enabled":true,"_links":{"self":[{"href":"https:\/\/www.odemocrata.com.br\/guia-comercial\/wp-json\/wp\/v2\/posts\/1539","targetHints":{"allow":["GET"]}}],"collection":[{"href":"https:\/\/www.odemocrata.com.br\/guia-comercial\/wp-json\/wp\/v2\/posts"}],"about":[{"href":"https:\/\/www.odemocrata.com.br\/guia-comercial\/wp-json\/wp\/v2\/types\/post"}],"author":[{"embeddable":true,"href":"https:\/\/www.odemocrata.com.br\/guia-comercial\/wp-json\/wp\/v2\/users\/10"}],"replies":[{"embeddable":true,"href":"https:\/\/www.odemocrata.com.br\/guia-comercial\/wp-json\/wp\/v2\/comments?post=1539"}],"version-history":[{"count":2,"href":"https:\/\/www.odemocrata.com.br\/guia-comercial\/wp-json\/wp\/v2\/posts\/1539\/revisions"}],"predecessor-version":[{"id":1660,"href":"https:\/\/www.odemocrata.com.br\/guia-comercial\/wp-json\/wp\/v2\/posts\/1539\/revisions\/1660"}],"wp:attachment":[{"href":"https:\/\/www.odemocrata.com.br\/guia-comercial\/wp-json\/wp\/v2\/media?parent=1539"}],"wp:term":[{"taxonomy":"category","embeddable":true,"href":"https:\/\/www.odemocrata.com.br\/guia-comercial\/wp-json\/wp\/v2\/categories?post=1539"},{"taxonomy":"post_tag","embeddable":true,"href":"https:\/\/www.odemocrata.com.br\/guia-comercial\/wp-json\/wp\/v2\/tags?post=1539"}],"curies":[{"name":"wp","href":"https:\/\/api.w.org\/{rel}","templated":true}]}}