{"id":2001,"date":"2019-09-06T10:23:01","date_gmt":"2019-09-06T13:23:01","guid":{"rendered":"http:\/\/www.odemocrata.com.br\/guia\/?p=2001"},"modified":"2019-09-06T10:55:56","modified_gmt":"2019-09-06T13:55:56","slug":"juliana-simao-advogada","status":"publish","type":"post","link":"https:\/\/www.odemocrata.com.br\/guia-comercial\/juliana-simao-advogada\/","title":{"rendered":"Juliana Sim\u00e3o &#8211; Advogada"},"content":{"rendered":"\n<p>OAB\/SP 327.866<\/p>\n\n\n<p>[chat num=&#8221;5511975207702&#8243;]<\/p>\n\n\n\n<ul class=\"wp-block-list\"><li>Direito Previdenci\u00e1rio<\/li><li>Aposentadoria por Tempo de Contribui\u00e7\u00e3o<\/li><li>Atividades Especiais<\/li><li>Aposentadoria Rural<\/li><li>Aux\u00edlio-Doen\u00e7a<\/li><li>Aposentadoria por Invalidez<\/li><li>Pens\u00e3o por Morte<\/li><li>Benef\u00edcios Assistenciais<\/li><li>Recursos Administrativos<\/li><\/ul>\n\n\n\n<hr>\n\n\n\n<ul class=\"wp-block-list\"><li>Direito C\u00edvel<\/li><li>Contratos<\/li><li>Indeniza\u00e7\u00f5es<\/li><li>Invent\u00e1rios<\/li><li>Fam\u00edlia<\/li><\/ul>\n\n\n\n<hr>\n","protected":false},"excerpt":{"rendered":"<p>OAB\/SP 327.866 Direito Previdenci\u00e1rio Aposentadoria por Tempo de Contribui\u00e7\u00e3o Atividades Especiais Aposentadoria Rural Aux\u00edlio-Doen\u00e7a Aposentadoria por Invalidez Pens\u00e3o por Morte Benef\u00edcios Assistenciais Recursos Administrativos Direito C\u00edvel Contratos Indeniza\u00e7\u00f5es Invent\u00e1rios Fam\u00edlia<\/p>\n","protected":false},"author":10,"featured_media":2002,"comment_status":"closed","ping_status":"closed","sticky":false,"template":"","format":"standard","meta":{"_acf_changed":false,"footnotes":""},"categories":[113],"tags":[],"class_list":["post-2001","post","type-post","status-publish","format-standard","has-post-thumbnail","hentry","category-advocacias"],"acf":[],"jetpack_featured_media_url":"https:\/\/www.odemocrata.com.br\/guia-comercial\/wp-content\/uploads\/sites\/11\/2019\/09\/Juliana-Simao-Advogada-Guia-Comercial-O-Democrata.jpg","jetpack_sharing_enabled":true,"jetpack_likes_enabled":true,"_links":{"self":[{"href":"https:\/\/www.odemocrata.com.br\/guia-comercial\/wp-json\/wp\/v2\/posts\/2001","targetHints":{"allow":["GET"]}}],"collection":[{"href":"https:\/\/www.odemocrata.com.br\/guia-comercial\/wp-json\/wp\/v2\/posts"}],"about":[{"href":"https:\/\/www.odemocrata.com.br\/guia-comercial\/wp-json\/wp\/v2\/types\/post"}],"author":[{"embeddable":true,"href":"https:\/\/www.odemocrata.com.br\/guia-comercial\/wp-json\/wp\/v2\/users\/10"}],"replies":[{"embeddable":true,"href":"https:\/\/www.odemocrata.com.br\/guia-comercial\/wp-json\/wp\/v2\/comments?post=2001"}],"version-history":[{"count":8,"href":"https:\/\/www.odemocrata.com.br\/guia-comercial\/wp-json\/wp\/v2\/posts\/2001\/revisions"}],"predecessor-version":[{"id":2025,"href":"https:\/\/www.odemocrata.com.br\/guia-comercial\/wp-json\/wp\/v2\/posts\/2001\/revisions\/2025"}],"wp:featuredmedia":[{"embeddable":true,"href":"https:\/\/www.odemocrata.com.br\/guia-comercial\/wp-json\/wp\/v2\/media\/2002"}],"wp:attachment":[{"href":"https:\/\/www.odemocrata.com.br\/guia-comercial\/wp-json\/wp\/v2\/media?parent=2001"}],"wp:term":[{"taxonomy":"category","embeddable":true,"href":"https:\/\/www.odemocrata.com.br\/guia-comercial\/wp-json\/wp\/v2\/categories?post=2001"},{"taxonomy":"post_tag","embeddable":true,"href":"https:\/\/www.odemocrata.com.br\/guia-comercial\/wp-json\/wp\/v2\/tags?post=2001"}],"curies":[{"name":"wp","href":"https:\/\/api.w.org\/{rel}","templated":true}]}}